{"id":38784,"date":"2023-03-14T15:37:01","date_gmt":"2023-03-14T15:37:01","guid":{"rendered":"https:\/\/volteco.com\/?p=38784"},"modified":"2024-08-06T09:55:15","modified_gmt":"2024-08-06T09:55:15","slug":"lesperienza-di-volteco-nella-costa-adriatica-abruzzese","status":"publish","type":"post","link":"https:\/\/volteco.com\/it\/lesperienza-di-volteco-nella-costa-adriatica-abruzzese","title":{"rendered":"L\u2019esperienza di Volteco nella costa adriatica abruzzese"},"content":{"rendered":"<div class=\"wpb-content-wrapper\"><p>[vc_row][vc_column][vc_column_text]Quando si parla di<a href=\"https:\/\/volteco.com\/it\/soluzioni?_scope=impermeabilizzazione-ambienti-interrati\"> <strong>impermeabilizzazioni di ambiti interrati<\/strong><\/a> bisogna sempre far riferimento ad un\u2019accurata <strong>esperienza<\/strong> relativamente alle problematiche legate alla presenza di <strong>acqua<\/strong> nei terreni ed alla sua caratteristica di deteriorare qualsiasi parte della <strong>struttura<\/strong>.<\/p>\n<p>Nel momento in cui si pone l\u2019esigenza di progettare <strong>opere interrate<\/strong> profonde o di dimensioni ragguardevoli va considerato il <strong>contesto idrogeologico<\/strong> in cui si viene ad operare.<\/p>\n<p>Ci\u00f2 risulta essere ancora pi\u00f9 impegnativo in contesti dove, i <strong>Progettisti<\/strong> sono chiamati a risolvere problematiche fuori dall\u2019ordinario dovendo progettare l\u2019intervento di costruzione dell\u2019opera pensando alla durabilit\u00e0 delle strutture nel tempo, cos\u00ec come richiesto dal <em>DM 14.01.2018<\/em>.<\/p>\n<p>Particolare attenzione \u00e8 quindi richiesta nella progettazione e nella costruzione di edifici interrati in presenza di <strong>falda<\/strong>, situazione tipica delle zone costiere del territorio italiano. La spinta idrostatica, spesso sottovalutata, genera pressione sulla struttura, della quale bisogna tener conto in fase di progettazione.[\/vc_column_text][vc_single_image image=&#8221;38789&#8243; img_size=&#8221;full&#8221; alignment=&#8221;right&#8221;][\/vc_column][\/vc_row][vc_row gap=&#8221;4&#8243; content_placement=&#8221;middle&#8221;][vc_column][\/vc_column][\/vc_row][vc_row][vc_column][vc_column_text]Nel corso della sua storia, dal <em>1976<\/em>, <strong>Volteco<\/strong> ha prestato particolare attenzione a questo argomento ed \u00e8 stata spesso coinvolta nella progettazione e nella realizzazione di diversi edifici interrati nelle immediate vicinanze del mare.<\/p>\n<p>Una zona dell\u2019Italia dove storicamente \u00e8 attiva, su cantieri di questo tipo \u00e8 da questo, \u00e8 la <strong>costa adriatica abruzzese<\/strong>, soprattutto nella citt\u00e0 di Pescara e dintorni, nella quale molte sono le <strong>referenze<\/strong> realizzate e documentate.<\/p>\n<p>Tutti gli interventi eseguiti in questa parte del territorio italiano hanno un fattore comune: l\u2019installazione di un efficiente <strong>sistema di impermeabilizzazione<\/strong> degli ambiti fondazionali che \u201cchiude\u201d all\u2019acqua qualsiasi possibilit\u00e0 di \u201csfogo\u201d all\u2019interno degli ambiti interrati; sviluppato secondo una <strong>soluzione<\/strong> completa, affidabile, durevole e installata in <strong>adesione<\/strong> a idonee strutture, applicato lungo tutte le superfici esterne dell\u2019ambito interrato, esteso fino alla quota del piano di campagna.[\/vc_column_text][vc_single_image image=&#8221;38792&#8243; img_size=&#8221;full&#8221; alignment=&#8221;right&#8221;][\/vc_column][\/vc_row][vc_row][vc_column][vc_column_text]Tutto questo \u00e8 sempre supportato dalla presenza sul territorio di diverse <strong>figure<\/strong> che, attraverso proprie conoscenze tecnico scientifiche di base, insieme all\u2019esperienza costruita negli anni e alla passione per il proprio lavoro, sono a disposizione dei progettisti o dei tecnici in genere per poter offrire loro <strong>consulenza<\/strong> e <strong>informazione<\/strong> sulle tecnologie ma anche formazione nella corretta <strong>posa<\/strong> in opera dei sistemi.<\/p>\n<p>&nbsp;<\/p>\n<p>Non meno importante \u00e8 la presenza sul territorio di imprese specialistiche opportunamente formate per eseguire lavori di impermeabilizzazione e risanamento, che hanno la debita esperienza per poter guidare il progettista o il committente sulla miglior soluzione da adottare.[\/vc_column_text][vc_single_image image=&#8221;38794&#8243; img_size=&#8221;full&#8221; alignment=&#8221;right&#8221;][vc_column_text]La <strong>sicurezza<\/strong> e l\u2019<strong>affidabilit\u00e0<\/strong> dei sistemi Volteco \u00e8 riscontrabile attraverso i numerosi interventi eseguiti dalla met\u00e0 degli anni \u201890, documentati sul sito internet <a href=\"http:\/\/www.volteco.com\">www.volteco.com<\/a> alla voce <em>referenze<\/em>.<\/p>\n<p>Esse mostrano senza filtri la <strong>qualit\u00e0<\/strong>, la <strong>competenza<\/strong> e la <strong>professionalit\u00e0<\/strong> di ogni intervento Volteco volto a impermeabilizzare e riqualificare ogni ambito, a maggior ragione se queste vengono sottoposte a distanza di tempo a una verifica che ne attesti e confermi l\u2019efficacia dell\u2019intervento. Attraverso il progetto \u201c<a href=\"https:\/\/volteco.com\/it\/durability\"><em>Durability<\/em><\/a>\u201d, le referenze vengono monitorate <strong>nel tempo<\/strong> in modo da valutare e approfondire l\u2019efficacia dei diversi livelli dell\u2019intervento.<\/p>\n<p>Una <em>certificazione <\/em>della <strong>qualit\u00e0<\/strong> dei sistemi applicati e dei lavori realizzati, verificabile da chiunque, in qualsiasi momento, per poter offrire ai propri interlocutori o ai potenziali clienti un\u2019indiscussa garanzia di durata ed efficacia.<\/p>\n<p>L\u2019<strong>obiettivo finale <\/strong>\u00e8 e sempre sar\u00e0 quello di conseguire un alto livello di <em>benessere abitativo<\/em> in qualsiasi ambito dell\u2019edificio, soprattutto interrato, ed in qualsiasi luogo, in particolar modo nel difficile contesto della costa adriatica, attraverso la consulenza dei tecnici Volteco nella progettazione e nella realizzazione delle opere e attraverso l\u2019utilizzo di sistemi collaudati e referenziati spesso applicati da manodopera specializzata. Tutto questo \u00e8 frutto di un <strong>equilibrio<\/strong> che rappresenta una vera e propria <strong>sfida<\/strong> per tutte le figure coinvolte nel mondo edilizio.<\/p>\n<div class=\"xdj266r x11i5rnm xat24cr x1mh8g0r x1vvkbs\">\n<div dir=\"auto\">Guarda l&#8217;\u2019<a href=\"https:\/\/www.facebook.com\/VoltecoSpa\/videos\/426030753243941\">intervista all\u2019ing. Roberto Di Biase<\/a>, in cui ci parla del caso studio \u201cCosta adriatica\u201d.<\/div>\n<\/div>\n<p>[\/vc_column_text][\/vc_column][\/vc_row][vc_row][vc_column][\/vc_column][\/vc_row]<\/p>\n<\/div>","protected":false},"excerpt":{"rendered":"<p>In questo articolo un&#8217;interessante referenza estera di Volteco dove la scelta \u00e8 ricaduta su\u00a0Amphibia [&#8230;] <\/p>\n","protected":false},"author":7,"featured_media":38787,"comment_status":"closed","ping_status":"closed","sticky":false,"template":"","format":"standard","meta":{"_acf_changed":false,"om_disable_all_campaigns":false,"inline_featured_image":false,"footnotes":""},"categories":[927,978],"tags":[970,934,952,959],"class_list":["post-38784","post","type-post","status-publish","format-standard","has-post-thumbnail","hentry","category-progettazione","category-case-history","tag-ripristino-e-protezione","tag-impermeabilizzazione","tag-riqualificazione-edilizia","tag-tecnologia"],"acf":[],"yoast_head":"<!-- This site is optimized with the Yoast SEO plugin v27.4 - https:\/\/yoast.com\/product\/yoast-seo-wordpress\/ -->\n<title>Case History L\u2019esperienza di Volteco nella costa adriatica abruzzese | Volteco<\/title>\n<meta name=\"robots\" content=\"index, follow, max-snippet:-1, max-image-preview:large, max-video-preview:-1\" \/>\n<link rel=\"canonical\" href=\"https:\/\/volteco.com\/it\/lesperienza-di-volteco-nella-costa-adriatica-abruzzese\" \/>\n<meta property=\"og:locale\" content=\"it_IT\" \/>\n<meta property=\"og:type\" content=\"article\" \/>\n<meta property=\"og:title\" content=\"Case History L\u2019esperienza di Volteco nella costa adriatica abruzzese | Volteco\" \/>\n<meta property=\"og:description\" content=\"In questo articolo un&#039;interessante referenza estera di Volteco dove la scelta \u00e8 ricaduta su\u00a0Amphibia [...]\" \/>\n<meta property=\"og:url\" content=\"https:\/\/volteco.com\/it\/lesperienza-di-volteco-nella-costa-adriatica-abruzzese\" \/>\n<meta property=\"og:site_name\" content=\"Volteco\" \/>\n<meta property=\"article:publisher\" content=\"https:\/\/www.facebook.com\/VoltecoSpa\" \/>\n<meta property=\"article:published_time\" content=\"2023-03-14T15:37:01+00:00\" \/>\n<meta property=\"article:modified_time\" content=\"2024-08-06T09:55:15+00:00\" \/>\n<meta property=\"og:image\" content=\"https:\/\/volteco.com\/wp-content\/uploads\/2023\/03\/immagini-articolo-blog_Tavola-disegno-1-scaled.jpg\" \/>\n\t<meta property=\"og:image:width\" content=\"2560\" \/>\n\t<meta property=\"og:image:height\" content=\"1338\" \/>\n\t<meta property=\"og:image:type\" content=\"image\/jpeg\" \/>\n<meta name=\"author\" content=\"Margherita Baccega\" \/>\n<meta name=\"twitter:card\" content=\"summary_large_image\" \/>\n<script type=\"application\/ld+json\" class=\"yoast-schema-graph\">{\"@context\":\"https:\\\/\\\/schema.org\",\"@graph\":[{\"@type\":\"Article\",\"@id\":\"https:\\\/\\\/volteco.com\\\/it\\\/lesperienza-di-volteco-nella-costa-adriatica-abruzzese#article\",\"isPartOf\":{\"@id\":\"https:\\\/\\\/volteco.com\\\/it\\\/lesperienza-di-volteco-nella-costa-adriatica-abruzzese\"},\"author\":{\"name\":\"Margherita Baccega\",\"@id\":\"https:\\\/\\\/volteco.com\\\/it\\\/#\\\/schema\\\/person\\\/075422a3bd165a76aef85a2fbed68230\"},\"headline\":\"L\u2019esperienza di Volteco nella costa adriatica abruzzese\",\"datePublished\":\"2023-03-14T15:37:01+00:00\",\"dateModified\":\"2024-08-06T09:55:15+00:00\",\"mainEntityOfPage\":{\"@id\":\"https:\\\/\\\/volteco.com\\\/it\\\/lesperienza-di-volteco-nella-costa-adriatica-abruzzese\"},\"wordCount\":712,\"publisher\":{\"@id\":\"https:\\\/\\\/volteco.com\\\/it\\\/#organization\"},\"image\":{\"@id\":\"https:\\\/\\\/volteco.com\\\/it\\\/lesperienza-di-volteco-nella-costa-adriatica-abruzzese#primaryimage\"},\"thumbnailUrl\":\"https:\\\/\\\/volteco.com\\\/wp-content\\\/uploads\\\/2023\\\/03\\\/immagini-articolo-blog_Tavola-disegno-1-scaled.jpg\",\"keywords\":[\"Ripristino e protezione\",\"Impermeabilizzazione\",\"Riqualificazione edilizia\",\"Tecnologia\"],\"articleSection\":[\"Progettazione\",\"Case History\"],\"inLanguage\":\"it-IT\"},{\"@type\":\"WebPage\",\"@id\":\"https:\\\/\\\/volteco.com\\\/it\\\/lesperienza-di-volteco-nella-costa-adriatica-abruzzese\",\"url\":\"https:\\\/\\\/volteco.com\\\/it\\\/lesperienza-di-volteco-nella-costa-adriatica-abruzzese\",\"name\":\"Case History L\u2019esperienza di Volteco nella costa adriatica abruzzese | Volteco\",\"isPartOf\":{\"@id\":\"https:\\\/\\\/volteco.com\\\/it\\\/#website\"},\"primaryImageOfPage\":{\"@id\":\"https:\\\/\\\/volteco.com\\\/it\\\/lesperienza-di-volteco-nella-costa-adriatica-abruzzese#primaryimage\"},\"image\":{\"@id\":\"https:\\\/\\\/volteco.com\\\/it\\\/lesperienza-di-volteco-nella-costa-adriatica-abruzzese#primaryimage\"},\"thumbnailUrl\":\"https:\\\/\\\/volteco.com\\\/wp-content\\\/uploads\\\/2023\\\/03\\\/immagini-articolo-blog_Tavola-disegno-1-scaled.jpg\",\"datePublished\":\"2023-03-14T15:37:01+00:00\",\"dateModified\":\"2024-08-06T09:55:15+00:00\",\"breadcrumb\":{\"@id\":\"https:\\\/\\\/volteco.com\\\/it\\\/lesperienza-di-volteco-nella-costa-adriatica-abruzzese#breadcrumb\"},\"inLanguage\":\"it-IT\",\"potentialAction\":[{\"@type\":\"ReadAction\",\"target\":[\"https:\\\/\\\/volteco.com\\\/it\\\/lesperienza-di-volteco-nella-costa-adriatica-abruzzese\"]}]},{\"@type\":\"ImageObject\",\"inLanguage\":\"it-IT\",\"@id\":\"https:\\\/\\\/volteco.com\\\/it\\\/lesperienza-di-volteco-nella-costa-adriatica-abruzzese#primaryimage\",\"url\":\"https:\\\/\\\/volteco.com\\\/wp-content\\\/uploads\\\/2023\\\/03\\\/immagini-articolo-blog_Tavola-disegno-1-scaled.jpg\",\"contentUrl\":\"https:\\\/\\\/volteco.com\\\/wp-content\\\/uploads\\\/2023\\\/03\\\/immagini-articolo-blog_Tavola-disegno-1-scaled.jpg\",\"width\":2560,\"height\":1338},{\"@type\":\"BreadcrumbList\",\"@id\":\"https:\\\/\\\/volteco.com\\\/it\\\/lesperienza-di-volteco-nella-costa-adriatica-abruzzese#breadcrumb\",\"itemListElement\":[{\"@type\":\"ListItem\",\"position\":1,\"name\":\"Homepage\",\"item\":\"https:\\\/\\\/volteco.com\\\/it\"},{\"@type\":\"ListItem\",\"position\":2,\"name\":\"L\u2019esperienza di Volteco nella costa adriatica abruzzese\"}]},{\"@type\":\"WebSite\",\"@id\":\"https:\\\/\\\/volteco.com\\\/it\\\/#website\",\"url\":\"https:\\\/\\\/volteco.com\\\/it\\\/\",\"name\":\"Volteco\",\"description\":\"Prodotti impermeabilizzanti\",\"publisher\":{\"@id\":\"https:\\\/\\\/volteco.com\\\/it\\\/#organization\"},\"potentialAction\":[{\"@type\":\"SearchAction\",\"target\":{\"@type\":\"EntryPoint\",\"urlTemplate\":\"https:\\\/\\\/volteco.com\\\/it\\\/?s={search_term_string}\"},\"query-input\":{\"@type\":\"PropertyValueSpecification\",\"valueRequired\":true,\"valueName\":\"search_term_string\"}}],\"inLanguage\":\"it-IT\"},{\"@type\":\"Organization\",\"@id\":\"https:\\\/\\\/volteco.com\\\/it\\\/#organization\",\"name\":\"Volteco S.p.A.\",\"url\":\"https:\\\/\\\/volteco.com\\\/it\\\/\",\"logo\":{\"@type\":\"ImageObject\",\"inLanguage\":\"it-IT\",\"@id\":\"https:\\\/\\\/volteco.com\\\/it\\\/#\\\/schema\\\/logo\\\/image\\\/\",\"url\":\"https:\\\/\\\/volteco.com\\\/wp-content\\\/uploads\\\/2021\\\/09\\\/Logo-color@2x.svg\",\"contentUrl\":\"https:\\\/\\\/volteco.com\\\/wp-content\\\/uploads\\\/2021\\\/09\\\/Logo-color@2x.svg\",\"width\":180,\"height\":54,\"caption\":\"Volteco S.p.A.\"},\"image\":{\"@id\":\"https:\\\/\\\/volteco.com\\\/it\\\/#\\\/schema\\\/logo\\\/image\\\/\"},\"sameAs\":[\"https:\\\/\\\/www.facebook.com\\\/VoltecoSpa\",\"https:\\\/\\\/www.instagram.com\\\/voltecospa\\\/\",\"https:\\\/\\\/www.linkedin.com\\\/company\\\/volteco-spa\",\"https:\\\/\\\/www.youtube.com\\\/user\\\/Voltecospa\"]},{\"@type\":\"Person\",\"@id\":\"https:\\\/\\\/volteco.com\\\/it\\\/#\\\/schema\\\/person\\\/075422a3bd165a76aef85a2fbed68230\",\"name\":\"Margherita Baccega\",\"image\":{\"@type\":\"ImageObject\",\"inLanguage\":\"it-IT\",\"@id\":\"https:\\\/\\\/secure.gravatar.com\\\/avatar\\\/42a0f206ab663d5be140c0d2a1268f015363ce6e2208f0c373110e6e5992040b?s=96&d=mm&r=g\",\"url\":\"https:\\\/\\\/secure.gravatar.com\\\/avatar\\\/42a0f206ab663d5be140c0d2a1268f015363ce6e2208f0c373110e6e5992040b?s=96&d=mm&r=g\",\"contentUrl\":\"https:\\\/\\\/secure.gravatar.com\\\/avatar\\\/42a0f206ab663d5be140c0d2a1268f015363ce6e2208f0c373110e6e5992040b?s=96&d=mm&r=g\",\"caption\":\"Margherita Baccega\"}}]}<\/script>\n<!-- \/ Yoast SEO plugin. -->","yoast_head_json":{"title":"Case History L\u2019esperienza di Volteco nella costa adriatica abruzzese | Volteco","robots":{"index":"index","follow":"follow","max-snippet":"max-snippet:-1","max-image-preview":"max-image-preview:large","max-video-preview":"max-video-preview:-1"},"canonical":"https:\/\/volteco.com\/it\/lesperienza-di-volteco-nella-costa-adriatica-abruzzese","og_locale":"it_IT","og_type":"article","og_title":"Case History L\u2019esperienza di Volteco nella costa adriatica abruzzese | Volteco","og_description":"In questo articolo un'interessante referenza estera di Volteco dove la scelta \u00e8 ricaduta su\u00a0Amphibia [...]","og_url":"https:\/\/volteco.com\/it\/lesperienza-di-volteco-nella-costa-adriatica-abruzzese","og_site_name":"Volteco","article_publisher":"https:\/\/www.facebook.com\/VoltecoSpa","article_published_time":"2023-03-14T15:37:01+00:00","article_modified_time":"2024-08-06T09:55:15+00:00","og_image":[{"width":2560,"height":1338,"url":"https:\/\/volteco.com\/wp-content\/uploads\/2023\/03\/immagini-articolo-blog_Tavola-disegno-1-scaled.jpg","type":"image\/jpeg"}],"author":"Margherita Baccega","twitter_card":"summary_large_image","schema":{"@context":"https:\/\/schema.org","@graph":[{"@type":"Article","@id":"https:\/\/volteco.com\/it\/lesperienza-di-volteco-nella-costa-adriatica-abruzzese#article","isPartOf":{"@id":"https:\/\/volteco.com\/it\/lesperienza-di-volteco-nella-costa-adriatica-abruzzese"},"author":{"name":"Margherita Baccega","@id":"https:\/\/volteco.com\/it\/#\/schema\/person\/075422a3bd165a76aef85a2fbed68230"},"headline":"L\u2019esperienza di Volteco nella costa adriatica abruzzese","datePublished":"2023-03-14T15:37:01+00:00","dateModified":"2024-08-06T09:55:15+00:00","mainEntityOfPage":{"@id":"https:\/\/volteco.com\/it\/lesperienza-di-volteco-nella-costa-adriatica-abruzzese"},"wordCount":712,"publisher":{"@id":"https:\/\/volteco.com\/it\/#organization"},"image":{"@id":"https:\/\/volteco.com\/it\/lesperienza-di-volteco-nella-costa-adriatica-abruzzese#primaryimage"},"thumbnailUrl":"https:\/\/volteco.com\/wp-content\/uploads\/2023\/03\/immagini-articolo-blog_Tavola-disegno-1-scaled.jpg","keywords":["Ripristino e protezione","Impermeabilizzazione","Riqualificazione edilizia","Tecnologia"],"articleSection":["Progettazione","Case History"],"inLanguage":"it-IT"},{"@type":"WebPage","@id":"https:\/\/volteco.com\/it\/lesperienza-di-volteco-nella-costa-adriatica-abruzzese","url":"https:\/\/volteco.com\/it\/lesperienza-di-volteco-nella-costa-adriatica-abruzzese","name":"Case History L\u2019esperienza di Volteco nella costa adriatica abruzzese | Volteco","isPartOf":{"@id":"https:\/\/volteco.com\/it\/#website"},"primaryImageOfPage":{"@id":"https:\/\/volteco.com\/it\/lesperienza-di-volteco-nella-costa-adriatica-abruzzese#primaryimage"},"image":{"@id":"https:\/\/volteco.com\/it\/lesperienza-di-volteco-nella-costa-adriatica-abruzzese#primaryimage"},"thumbnailUrl":"https:\/\/volteco.com\/wp-content\/uploads\/2023\/03\/immagini-articolo-blog_Tavola-disegno-1-scaled.jpg","datePublished":"2023-03-14T15:37:01+00:00","dateModified":"2024-08-06T09:55:15+00:00","breadcrumb":{"@id":"https:\/\/volteco.com\/it\/lesperienza-di-volteco-nella-costa-adriatica-abruzzese#breadcrumb"},"inLanguage":"it-IT","potentialAction":[{"@type":"ReadAction","target":["https:\/\/volteco.com\/it\/lesperienza-di-volteco-nella-costa-adriatica-abruzzese"]}]},{"@type":"ImageObject","inLanguage":"it-IT","@id":"https:\/\/volteco.com\/it\/lesperienza-di-volteco-nella-costa-adriatica-abruzzese#primaryimage","url":"https:\/\/volteco.com\/wp-content\/uploads\/2023\/03\/immagini-articolo-blog_Tavola-disegno-1-scaled.jpg","contentUrl":"https:\/\/volteco.com\/wp-content\/uploads\/2023\/03\/immagini-articolo-blog_Tavola-disegno-1-scaled.jpg","width":2560,"height":1338},{"@type":"BreadcrumbList","@id":"https:\/\/volteco.com\/it\/lesperienza-di-volteco-nella-costa-adriatica-abruzzese#breadcrumb","itemListElement":[{"@type":"ListItem","position":1,"name":"Homepage","item":"https:\/\/volteco.com\/it"},{"@type":"ListItem","position":2,"name":"L\u2019esperienza di Volteco nella costa adriatica abruzzese"}]},{"@type":"WebSite","@id":"https:\/\/volteco.com\/it\/#website","url":"https:\/\/volteco.com\/it\/","name":"Volteco","description":"Prodotti impermeabilizzanti","publisher":{"@id":"https:\/\/volteco.com\/it\/#organization"},"potentialAction":[{"@type":"SearchAction","target":{"@type":"EntryPoint","urlTemplate":"https:\/\/volteco.com\/it\/?s={search_term_string}"},"query-input":{"@type":"PropertyValueSpecification","valueRequired":true,"valueName":"search_term_string"}}],"inLanguage":"it-IT"},{"@type":"Organization","@id":"https:\/\/volteco.com\/it\/#organization","name":"Volteco S.p.A.","url":"https:\/\/volteco.com\/it\/","logo":{"@type":"ImageObject","inLanguage":"it-IT","@id":"https:\/\/volteco.com\/it\/#\/schema\/logo\/image\/","url":"https:\/\/volteco.com\/wp-content\/uploads\/2021\/09\/Logo-color@2x.svg","contentUrl":"https:\/\/volteco.com\/wp-content\/uploads\/2021\/09\/Logo-color@2x.svg","width":180,"height":54,"caption":"Volteco S.p.A."},"image":{"@id":"https:\/\/volteco.com\/it\/#\/schema\/logo\/image\/"},"sameAs":["https:\/\/www.facebook.com\/VoltecoSpa","https:\/\/www.instagram.com\/voltecospa\/","https:\/\/www.linkedin.com\/company\/volteco-spa","https:\/\/www.youtube.com\/user\/Voltecospa"]},{"@type":"Person","@id":"https:\/\/volteco.com\/it\/#\/schema\/person\/075422a3bd165a76aef85a2fbed68230","name":"Margherita Baccega","image":{"@type":"ImageObject","inLanguage":"it-IT","@id":"https:\/\/secure.gravatar.com\/avatar\/42a0f206ab663d5be140c0d2a1268f015363ce6e2208f0c373110e6e5992040b?s=96&d=mm&r=g","url":"https:\/\/secure.gravatar.com\/avatar\/42a0f206ab663d5be140c0d2a1268f015363ce6e2208f0c373110e6e5992040b?s=96&d=mm&r=g","contentUrl":"https:\/\/secure.gravatar.com\/avatar\/42a0f206ab663d5be140c0d2a1268f015363ce6e2208f0c373110e6e5992040b?s=96&d=mm&r=g","caption":"Margherita Baccega"}}]}},"_links":{"self":[{"href":"https:\/\/volteco.com\/it\/wp-json\/wp\/v2\/posts\/38784","targetHints":{"allow":["GET"]}}],"collection":[{"href":"https:\/\/volteco.com\/it\/wp-json\/wp\/v2\/posts"}],"about":[{"href":"https:\/\/volteco.com\/it\/wp-json\/wp\/v2\/types\/post"}],"author":[{"embeddable":true,"href":"https:\/\/volteco.com\/it\/wp-json\/wp\/v2\/users\/7"}],"replies":[{"embeddable":true,"href":"https:\/\/volteco.com\/it\/wp-json\/wp\/v2\/comments?post=38784"}],"version-history":[{"count":0,"href":"https:\/\/volteco.com\/it\/wp-json\/wp\/v2\/posts\/38784\/revisions"}],"wp:featuredmedia":[{"embeddable":true,"href":"https:\/\/volteco.com\/it\/wp-json\/wp\/v2\/media\/38787"}],"wp:attachment":[{"href":"https:\/\/volteco.com\/it\/wp-json\/wp\/v2\/media?parent=38784"}],"wp:term":[{"taxonomy":"category","embeddable":true,"href":"https:\/\/volteco.com\/it\/wp-json\/wp\/v2\/categories?post=38784"},{"taxonomy":"post_tag","embeddable":true,"href":"https:\/\/volteco.com\/it\/wp-json\/wp\/v2\/tags?post=38784"}],"curies":[{"name":"wp","href":"https:\/\/api.w.org\/{rel}","templated":true}]}}